{"id":317,"date":"2017-03-29T18:35:53","date_gmt":"2017-03-29T16:35:53","guid":{"rendered":"http:\/\/www.thomatextundbild.de\/?p=317"},"modified":"2017-03-29T13:37:52","modified_gmt":"2017-03-29T11:37:52","slug":"natuerlich-stadt-fotoausstellung-beim-paritaetischen-wohlfahrtsverband","status":"publish","type":"post","link":"http:\/\/www.thomatextundbild.de\/?p=317","title":{"rendered":"Nat\u00fcrlich Stadt! &#8212; Fotoausstellung beim Parit\u00e4tischen Wohlfahrtsverband"},"content":{"rendered":"<p>Die Stadt und die Natur. Das Thema begleitet mich in meiner Fotografie schon seit Jahren. Es ist naheliegend, vertraut und gleichzeitig fremd. Es ist erholsam und doch aufregend und nicht berechenbar. Die Faszination teile ich mit Vielen. Auch mit der Gruppe ehrenamtlicher Fotografinnen und Fotografen des Parit\u00e4tischen Wohlfahrtsverbands. Neben mir, Martin Thoma, sind das Frederic Brueckel, Kerstin W\u00fcstenh\u00f6fer, Rais Khalilov, Gisela Schuster, Heike Sievers, Heide Schostek, Christiane Weidner, Ilse Bohn und Wolfram Klein. In der von Christiane Weidner organisierten <a href=\"https:\/\/www.paritaet-berlin.de\/themen-a-z\/themen-a-z-detailansicht\/article\/einladung-zur-vernissage-der-fotoausstellung-natuerlich-stadt.html\" target=\"_blank\">Gemeinschaftsausstellung &#8222;Nat\u00fcrlich Stadt!&#8220;<\/a> ist von April bis November 2017 eine Auswahl unserer Fotografien zu sehen:<\/p>\n<p>Zur Vernissage der Fotoausstellung\u00a0 am<\/p>\n<p>11. April um 17 Uhr<br \/>\nin den R\u00e4umen des Parit\u00e4tischen Wohlfahrtsverbandes Berlin<br \/>\nBrandenburgische Stra\u00dfe 80<br \/>\n10713 Berlin<\/p>\n<p>m\u00f6chte ich alle Interessierten herzlich einladen.<\/p>\n<p>Wer sich die Fotografien zu einem anderen Zeitpunkt ansehen will, sollte vorher telefonisch unter der Nummer 030 86 00 10 einen Termin absprechen. Denn in den R\u00e4umen finden regelm\u00e4\u00dfig Seminare und Veranstaltungen statt, sodass sie nicht zu jeder Zeit frei zug\u00e4nglich sind.<\/p>\n<figure id=\"attachment_320\" aria-describedby=\"caption-attachment-320\" style=\"width: 1728px\" class=\"wp-caption alignnone\"><img loading=\"lazy\" decoding=\"async\" data-attachment-id=\"320\" data-permalink=\"http:\/\/www.thomatextundbild.de\/?attachment_id=320\" data-orig-file=\"http:\/\/www.thomatextundbild.de\/wp-content\/uploads\/2017\/03\/IMGP2578_01.jpg\" data-orig-size=\"1728,1145\" data-comments-opened=\"1\" data-image-meta=\"{&quot;aperture&quot;:&quot;4.5&quot;,&quot;credit&quot;:&quot;Martin Thoma&quot;,&quot;camera&quot;:&quot;PENTAX K-5 II&quot;,&quot;caption&quot;:&quot;Spandauer Forst Juni 2016&quot;,&quot;created_timestamp&quot;:&quot;1465420522&quot;,&quot;copyright&quot;:&quot;alle Rechte vorbehalten&quot;,&quot;focal_length&quot;:&quot;300&quot;,&quot;iso&quot;:&quot;800&quot;,&quot;shutter_speed&quot;:&quot;0.005&quot;,&quot;title&quot;:&quot;Spandauer Forst Juni 2016&quot;,&quot;orientation&quot;:&quot;1&quot;}\" data-image-title=\"Spandauer Forst Juni 2016\" data-image-description=\"\" data-medium-file=\"http:\/\/www.thomatextundbild.de\/wp-content\/uploads\/2017\/03\/IMGP2578_01-300x199.jpg\" data-large-file=\"http:\/\/www.thomatextundbild.de\/wp-content\/uploads\/2017\/03\/IMGP2578_01-1024x679.jpg\" class=\"size-full wp-image-320\" src=\"http:\/\/www.thomatextundbild.de\/wp-content\/uploads\/2017\/03\/IMGP2578_01.jpg\" alt=\"\" width=\"1728\" height=\"1145\" srcset=\"http:\/\/www.thomatextundbild.de\/wp-content\/uploads\/2017\/03\/IMGP2578_01.jpg 1728w, http:\/\/www.thomatextundbild.de\/wp-content\/uploads\/2017\/03\/IMGP2578_01-300x199.jpg 300w, http:\/\/www.thomatextundbild.de\/wp-content\/uploads\/2017\/03\/IMGP2578_01-768x509.jpg 768w, http:\/\/www.thomatextundbild.de\/wp-content\/uploads\/2017\/03\/IMGP2578_01-1024x679.jpg 1024w\" sizes=\"auto, (max-width: 1728px) 100vw, 1728px\" \/><figcaption id=\"caption-attachment-320\" class=\"wp-caption-text\">Spandauer Forst Juni 2016<\/figcaption><\/figure>\n","protected":false},"excerpt":{"rendered":"<p>Die Stadt und die Natur. Das Thema begleitet mich in meiner Fotografie schon seit Jahren. Es ist naheliegend, vertraut und gleichzeitig fremd. Es ist erholsam und doch aufregend und nicht berechenbar. Die Faszination teile ich mit Vielen. Auch mit der Gruppe ehrenamtlicher Fotografinnen und Fotografen des Parit\u00e4tischen Wohlfahrtsverbands. Neben mir, Martin Thoma, sind das Frederic [&hellip;]<\/p>\n","protected":false},"author":1,"featured_media":320,"comment_status":"open","ping_status":"closed","sticky":false,"template":"","format":"standard","meta":{"spay_email":"","footnotes":"","jetpack_publicize_message":"Seid herzlich eingeladen zur Ausstellungser\u00f6ffnung von \"Nat\u00fcrlich Stadt!\", 11.4., 17 Uhr, Brandenburgische Stra\u00dfe 80"},"categories":[5],"tags":[72,10,32,14,159,15,102,33,158,42],"class_list":["post-317","post","type-post","status-publish","format-standard","has-post-thumbnail","hentry","category-neuigkeiten","tag-ehrenamt","tag-fotoausstellung","tag-fotografie","tag-naturfotografie","tag-natuerlich-stadt","tag-paritatischer-wohlfahrtsverband","tag-stadt","tag-stadtlandschaft","tag-stadtnatur","tag-wildlife"],"jetpack_featured_media_url":"http:\/\/www.thomatextundbild.de\/wp-content\/uploads\/2017\/03\/IMGP2578_01.jpg","jetpack_publicize_connections":[],"jetpack_sharing_enabled":true,"jetpack_shortlink":"https:\/\/wp.me\/p5KvMN-57","_links":{"self":[{"href":"http:\/\/www.thomatextundbild.de\/index.php?rest_route=\/wp\/v2\/posts\/317","targetHints":{"allow":["GET"]}}],"collection":[{"href":"http:\/\/www.thomatextundbild.de\/index.php?rest_route=\/wp\/v2\/posts"}],"about":[{"href":"http:\/\/www.thomatextundbild.de\/index.php?rest_route=\/wp\/v2\/types\/post"}],"author":[{"embeddable":true,"href":"http:\/\/www.thomatextundbild.de\/index.php?rest_route=\/wp\/v2\/users\/1"}],"replies":[{"embeddable":true,"href":"http:\/\/www.thomatextundbild.de\/index.php?rest_route=%2Fwp%2Fv2%2Fcomments&post=317"}],"version-history":[{"count":4,"href":"http:\/\/www.thomatextundbild.de\/index.php?rest_route=\/wp\/v2\/posts\/317\/revisions"}],"predecessor-version":[{"id":322,"href":"http:\/\/www.thomatextundbild.de\/index.php?rest_route=\/wp\/v2\/posts\/317\/revisions\/322"}],"wp:featuredmedia":[{"embeddable":true,"href":"http:\/\/www.thomatextundbild.de\/index.php?rest_route=\/wp\/v2\/media\/320"}],"wp:attachment":[{"href":"http:\/\/www.thomatextundbild.de\/index.php?rest_route=%2Fwp%2Fv2%2Fmedia&parent=317"}],"wp:term":[{"taxonomy":"category","embeddable":true,"href":"http:\/\/www.thomatextundbild.de\/index.php?rest_route=%2Fwp%2Fv2%2Fcategories&post=317"},{"taxonomy":"post_tag","embeddable":true,"href":"http:\/\/www.thomatextundbild.de\/index.php?rest_route=%2Fwp%2Fv2%2Ftags&post=317"}],"curies":[{"name":"wp","href":"https:\/\/api.w.org\/{rel}","templated":true}]}}