{"id":231,"date":"2015-02-20T20:00:55","date_gmt":"2015-02-20T19:00:55","guid":{"rendered":"http:\/\/www.thomatextundbild.de\/?p=231"},"modified":"2015-02-23T10:57:03","modified_gmt":"2015-02-23T09:57:03","slug":"moabiter-dichter-lesung-am-26-2-2015","status":"publish","type":"post","link":"http:\/\/www.thomatextundbild.de\/?p=231","title":{"rendered":"Moabiter-Dichter-Lesung am 26.2.2015"},"content":{"rendered":"<p>Zwischen Alt-Moabit und Turmstra\u00dfe liegt die kleinste Allee der Stadt, die Thusneldaalle. Dort steht die Kirche mit dem h\u00f6chsten Kirchturm der Stadt, die Heilandskirche. In den Gemeinder\u00e4umen der Heilandskirche finden Sie das Caf\u00e9 Thusnelda. Dort lesen die vielleicht smartesten Dichter der Stadt f\u00fcr das wahrscheinlich cleverste Publikum, n\u00e4mlich die russisch-deutsche Literaturgruppe Moabiter Dichter, zu der auch ich geh\u00f6re, f\u00fcr Sie &#8212; wenn Sie kommen. Musikalische Starg\u00e4ste sind <a href=\"http:\/\/www.alexeyviolin.com\/\">Alexey Kochetkov<\/a> (Violine) und <a href=\"http:\/\/cristianvaras.art4us.org\/\">Cristi\u00e1n Varas<\/a> (Gitarre). Diese Veranstaltung der Superlativen, zu der ich hiermit herzlich einladen m\u00f6chte, findet statt: n\u00e4chsten Donnerstag, den 26. Februar um 17 Uhr.<\/p>\n","protected":false},"excerpt":{"rendered":"<p>Zwischen Alt-Moabit und Turmstra\u00dfe liegt die kleinste Allee der Stadt, die Thusneldaalle. Dort steht die Kirche mit dem h\u00f6chsten Kirchturm der Stadt, die Heilandskirche. In den Gemeinder\u00e4umen der Heilandskirche finden Sie das Caf\u00e9 Thusnelda. Dort lesen die vielleicht smartesten Dichter der Stadt f\u00fcr das wahrscheinlich cleverste Publikum, n\u00e4mlich die russisch-deutsche Literaturgruppe Moabiter Dichter, zu der [&hellip;]<\/p>\n","protected":false},"author":1,"featured_media":0,"comment_status":"open","ping_status":"closed","sticky":false,"template":"","format":"standard","meta":{"spay_email":"","footnotes":"","jetpack_publicize_message":"Moabiter-Dichter-Lesung am 26.2.2015 http:\/\/wp.me\/p5KvMN-3J"},"categories":[5],"tags":[92,87,86,93,90,85,83,88,60,84,89,91],"class_list":["post-231","post","type-post","status-publish","format-standard","hentry","category-neuigkeiten","tag-alexey-kochetkov","tag-bilingual","tag-cafe-thusnelda","tag-cristian-varas","tag-deutsch","tag-heilandskirche","tag-lesung","tag-literaturgruppe","tag-moabit","tag-moabiter-dichter","tag-russisch","tag-violine"],"jetpack_featured_media_url":"","jetpack_publicize_connections":[],"jetpack_sharing_enabled":true,"jetpack_shortlink":"https:\/\/wp.me\/p5KvMN-3J","_links":{"self":[{"href":"http:\/\/www.thomatextundbild.de\/index.php?rest_route=\/wp\/v2\/posts\/231","targetHints":{"allow":["GET"]}}],"collection":[{"href":"http:\/\/www.thomatextundbild.de\/index.php?rest_route=\/wp\/v2\/posts"}],"about":[{"href":"http:\/\/www.thomatextundbild.de\/index.php?rest_route=\/wp\/v2\/types\/post"}],"author":[{"embeddable":true,"href":"http:\/\/www.thomatextundbild.de\/index.php?rest_route=\/wp\/v2\/users\/1"}],"replies":[{"embeddable":true,"href":"http:\/\/www.thomatextundbild.de\/index.php?rest_route=%2Fwp%2Fv2%2Fcomments&post=231"}],"version-history":[{"count":5,"href":"http:\/\/www.thomatextundbild.de\/index.php?rest_route=\/wp\/v2\/posts\/231\/revisions"}],"predecessor-version":[{"id":237,"href":"http:\/\/www.thomatextundbild.de\/index.php?rest_route=\/wp\/v2\/posts\/231\/revisions\/237"}],"wp:attachment":[{"href":"http:\/\/www.thomatextundbild.de\/index.php?rest_route=%2Fwp%2Fv2%2Fmedia&parent=231"}],"wp:term":[{"taxonomy":"category","embeddable":true,"href":"http:\/\/www.thomatextundbild.de\/index.php?rest_route=%2Fwp%2Fv2%2Fcategories&post=231"},{"taxonomy":"post_tag","embeddable":true,"href":"http:\/\/www.thomatextundbild.de\/index.php?rest_route=%2Fwp%2Fv2%2Ftags&post=231"}],"curies":[{"name":"wp","href":"https:\/\/api.w.org\/{rel}","templated":true}]}}