{"id":153,"date":"2014-12-05T15:53:52","date_gmt":"2014-12-05T14:53:52","guid":{"rendered":"http:\/\/thomatextundbild.wordpress.com\/?p=153"},"modified":"2015-02-17T23:01:48","modified_gmt":"2015-02-17T22:01:48","slug":"fotoausstellung-gepflegt-in-der-gegenwart","status":"publish","type":"post","link":"http:\/\/www.thomatextundbild.de\/?p=153","title":{"rendered":"Fotoausstellung &#8222;Gepflegt in der Gegenwart&#8220;"},"content":{"rendered":"<p>Am 3. Dezember wurde im B\u00fcrgerzentrum Neuk\u00f6lln die Fotoausstellung &#8222;Gepflegt in der Gegenwart&#8220; er\u00f6ffnet, mit Fotografien von Rais Khalilov, Christiane Weidner, Frederic Brueckel, Michael Janda und mir. Die Ausstellung ist Teil der 2014 gestarteten Kampagne &#8222;Gepflegt in die Zukunft&#8220; der Senatsverwaltung f\u00fcr Gesundheit und Soziales. Ziel der Kampagne ist es, mehr \u00f6ffentliche Aufmerksamkeit f\u00fcr Pflegeberufe zu schaffen. Die 16 Schwarz-Wei\u00df-Fotografien der Ausstellung zeigen Situationen der ambulanten Pflege, in denen sich die portr\u00e4tierten Menschen in der gewohnten Umgebung der Gepflegten auf Augenh\u00f6he begegnen. Die Bilder dokumentieren das Vertrauensverh\u00e4ltnis, das zwischen ihnen besteht.<\/p>\n<p><a href=\"http:\/\/www.thomatextundbild.de\/wp-content\/uploads\/2014\/12\/gepflegt-in-der-gegenwart.jpg\"><img loading=\"lazy\" decoding=\"async\" data-attachment-id=\"155\" data-permalink=\"http:\/\/www.thomatextundbild.de\/?attachment_id=155\" data-orig-file=\"http:\/\/www.thomatextundbild.de\/wp-content\/uploads\/2014\/12\/gepflegt-in-der-gegenwart.jpg\" data-orig-size=\"1524,1077\" data-comments-opened=\"0\" data-image-meta=\"{&quot;aperture&quot;:&quot;0&quot;,&quot;credit&quot;:&quot;&quot;,&quot;camera&quot;:&quot;&quot;,&quot;caption&quot;:&quot;&quot;,&quot;created_timestamp&quot;:&quot;0&quot;,&quot;copyright&quot;:&quot;&quot;,&quot;focal_length&quot;:&quot;0&quot;,&quot;iso&quot;:&quot;0&quot;,&quot;shutter_speed&quot;:&quot;0&quot;,&quot;title&quot;:&quot;&quot;,&quot;orientation&quot;:&quot;0&quot;}\" data-image-title=\"Gepflegt in der Gegenwart\" data-image-description=\"\" data-medium-file=\"http:\/\/www.thomatextundbild.de\/wp-content\/uploads\/2014\/12\/gepflegt-in-der-gegenwart-300x212.jpg\" data-large-file=\"http:\/\/www.thomatextundbild.de\/wp-content\/uploads\/2014\/12\/gepflegt-in-der-gegenwart-1024x724.jpg\" class=\"aligncenter wp-image-155 size-full\" src=\"http:\/\/www.thomatextundbild.de\/wp-content\/uploads\/2014\/12\/gepflegt-in-der-gegenwart.jpg\" alt=\"Gepflegt in der Gegenwart\" width=\"1524\" height=\"1077\" srcset=\"http:\/\/www.thomatextundbild.de\/wp-content\/uploads\/2014\/12\/gepflegt-in-der-gegenwart.jpg 1524w, http:\/\/www.thomatextundbild.de\/wp-content\/uploads\/2014\/12\/gepflegt-in-der-gegenwart-300x212.jpg 300w, http:\/\/www.thomatextundbild.de\/wp-content\/uploads\/2014\/12\/gepflegt-in-der-gegenwart-1024x724.jpg 1024w\" sizes=\"auto, (max-width: 1524px) 100vw, 1524px\" \/><\/a><\/p>\n<p>Adresse: <a title=\"external-link-new-window\" href=\"http:\/\/www.alter-nativ.org\/\" target=\"_blank\">B\u00fcrgerzentrum Neuk\u00f6lln, <\/a>Werbellinstra\u00dfe 42, 12053 Berlin<\/p>\n<p>Die Ausstellung wandert Mitte Januar in das Geb\u00e4ude der Senatsverwaltung f\u00fcr Gesundheit und Soziales. Im Anschluss ist sie in der Senatsverwaltung f\u00fcr Bildung, Jugend und Wissenschaft zu sehen.<\/p>\n","protected":false},"excerpt":{"rendered":"<p>Am 3. Dezember wurde im B\u00fcrgerzentrum Neuk\u00f6lln die Fotoausstellung &#8222;Gepflegt in der Gegenwart&#8220; er\u00f6ffnet, mit Fotografien von Rais Khalilov, Christiane Weidner, Frederic Brueckel, Michael Janda und mir. Die Ausstellung ist Teil der 2014 gestarteten Kampagne &#8222;Gepflegt in die Zukunft&#8220; der Senatsverwaltung f\u00fcr Gesundheit und Soziales. Ziel der Kampagne ist es, mehr \u00f6ffentliche Aufmerksamkeit f\u00fcr Pflegeberufe [&hellip;]<\/p>\n","protected":false},"author":1,"featured_media":0,"comment_status":"open","ping_status":"closed","sticky":false,"template":"","format":"standard","meta":{"spay_email":"","footnotes":"","jetpack_publicize_message":""},"categories":[5],"tags":[6,7,8,10,11,15,16,18,19],"class_list":["post-153","post","type-post","status-publish","format-standard","hentry","category-neuigkeiten","tag-ambulante-pflege","tag-burgerzentrum-neukolln","tag-dokumentation","tag-fotoausstellung","tag-gepflegt-in-der-gegenwart","tag-paritatischer-wohlfahrtsverband","tag-portrat","tag-senatsverwaltung-fur-gesundheit-und-soziales","tag-soziales"],"jetpack_featured_media_url":"","jetpack_publicize_connections":[],"jetpack_sharing_enabled":false,"jetpack_shortlink":"https:\/\/wp.me\/p5KvMN-2t","_links":{"self":[{"href":"http:\/\/www.thomatextundbild.de\/index.php?rest_route=\/wp\/v2\/posts\/153","targetHints":{"allow":["GET"]}}],"collection":[{"href":"http:\/\/www.thomatextundbild.de\/index.php?rest_route=\/wp\/v2\/posts"}],"about":[{"href":"http:\/\/www.thomatextundbild.de\/index.php?rest_route=\/wp\/v2\/types\/post"}],"author":[{"embeddable":true,"href":"http:\/\/www.thomatextundbild.de\/index.php?rest_route=\/wp\/v2\/users\/1"}],"replies":[{"embeddable":true,"href":"http:\/\/www.thomatextundbild.de\/index.php?rest_route=%2Fwp%2Fv2%2Fcomments&post=153"}],"version-history":[{"count":1,"href":"http:\/\/www.thomatextundbild.de\/index.php?rest_route=\/wp\/v2\/posts\/153\/revisions"}],"predecessor-version":[{"id":230,"href":"http:\/\/www.thomatextundbild.de\/index.php?rest_route=\/wp\/v2\/posts\/153\/revisions\/230"}],"wp:attachment":[{"href":"http:\/\/www.thomatextundbild.de\/index.php?rest_route=%2Fwp%2Fv2%2Fmedia&parent=153"}],"wp:term":[{"taxonomy":"category","embeddable":true,"href":"http:\/\/www.thomatextundbild.de\/index.php?rest_route=%2Fwp%2Fv2%2Fcategories&post=153"},{"taxonomy":"post_tag","embeddable":true,"href":"http:\/\/www.thomatextundbild.de\/index.php?rest_route=%2Fwp%2Fv2%2Ftags&post=153"}],"curies":[{"name":"wp","href":"https:\/\/api.w.org\/{rel}","templated":true}]}}