{"id":147,"date":"2014-12-05T14:42:37","date_gmt":"2014-12-05T13:42:37","guid":{"rendered":"http:\/\/thomatextundbild.wordpress.com\/?p=147"},"modified":"2015-02-17T23:01:37","modified_gmt":"2015-02-17T22:01:37","slug":"fotoausstellung-stadt-see-fluss-fotografische-blicke-auf-tiere-und-landschaft","status":"publish","type":"post","link":"http:\/\/www.thomatextundbild.de\/?p=147","title":{"rendered":"Fotoausstellung &#8222;Stadt, See, Fluss &#8212; fotografische Blicke auf Tiere und Landschaft&#8220;"},"content":{"rendered":"<p>Eine Auswahl meiner Tierfotografien und Landschaftsfotografien von Kerstin W\u00fcstenh\u00f6fer und Michael Janda k\u00f6nnen noch bis zum 30. Januar 2015 in der Landesgesch\u00e4ftsstelle des Parit\u00e4tischen Wohlfahrtsverbands besichtigt werden.<\/p>\n<div data-carousel-extra='{\"blog_id\":1,\"permalink\":\"http:\\\/\\\/www.thomatextundbild.de\\\/?p=147\"}' id='gallery-1' class='gallery galleryid-147 gallery-columns-1 gallery-size-full'><figure class='gallery-item'>\n\t\t\t<div class='gallery-icon landscape'>\n\t\t\t\t<a href='http:\/\/www.thomatextundbild.de\/?attachment_id=148'><img loading=\"lazy\" decoding=\"async\" width=\"800\" height=\"566\" src=\"http:\/\/www.thomatextundbild.de\/wp-content\/uploads\/2014\/12\/einladung-vernissage-ausstellung-stadt-see-fluss_s01.jpg\" class=\"attachment-full size-full\" alt=\"\" srcset=\"http:\/\/www.thomatextundbild.de\/wp-content\/uploads\/2014\/12\/einladung-vernissage-ausstellung-stadt-see-fluss_s01.jpg 800w, http:\/\/www.thomatextundbild.de\/wp-content\/uploads\/2014\/12\/einladung-vernissage-ausstellung-stadt-see-fluss_s01-300x212.jpg 300w\" sizes=\"auto, (max-width: 800px) 100vw, 800px\" data-attachment-id=\"148\" data-permalink=\"http:\/\/www.thomatextundbild.de\/?attachment_id=148\" data-orig-file=\"http:\/\/www.thomatextundbild.de\/wp-content\/uploads\/2014\/12\/einladung-vernissage-ausstellung-stadt-see-fluss_s01.jpg\" data-orig-size=\"800,566\" data-comments-opened=\"0\" data-image-meta=\"{&quot;aperture&quot;:&quot;0&quot;,&quot;credit&quot;:&quot;&quot;,&quot;camera&quot;:&quot;&quot;,&quot;caption&quot;:&quot;&quot;,&quot;created_timestamp&quot;:&quot;0&quot;,&quot;copyright&quot;:&quot;&quot;,&quot;focal_length&quot;:&quot;0&quot;,&quot;iso&quot;:&quot;0&quot;,&quot;shutter_speed&quot;:&quot;0&quot;,&quot;title&quot;:&quot;&quot;,&quot;orientation&quot;:&quot;0&quot;}\" data-image-title=\"Einladung Vernissage Ausstellung Stadt See Fluss_S01\" data-image-description=\"\" data-medium-file=\"http:\/\/www.thomatextundbild.de\/wp-content\/uploads\/2014\/12\/einladung-vernissage-ausstellung-stadt-see-fluss_s01-300x212.jpg\" data-large-file=\"http:\/\/www.thomatextundbild.de\/wp-content\/uploads\/2014\/12\/einladung-vernissage-ausstellung-stadt-see-fluss_s01.jpg\" \/><\/a>\n\t\t\t<\/div><\/figure><figure class='gallery-item'>\n\t\t\t<div class='gallery-icon landscape'>\n\t\t\t\t<a href='http:\/\/www.thomatextundbild.de\/?attachment_id=149'><img loading=\"lazy\" decoding=\"async\" width=\"800\" height=\"566\" src=\"http:\/\/www.thomatextundbild.de\/wp-content\/uploads\/2014\/12\/einladung-vernissage-ausstellung-stadt-see-fluss_s02.jpg\" class=\"attachment-full size-full\" alt=\"\" srcset=\"http:\/\/www.thomatextundbild.de\/wp-content\/uploads\/2014\/12\/einladung-vernissage-ausstellung-stadt-see-fluss_s02.jpg 800w, http:\/\/www.thomatextundbild.de\/wp-content\/uploads\/2014\/12\/einladung-vernissage-ausstellung-stadt-see-fluss_s02-300x212.jpg 300w\" sizes=\"auto, (max-width: 800px) 100vw, 800px\" data-attachment-id=\"149\" data-permalink=\"http:\/\/www.thomatextundbild.de\/?attachment_id=149\" data-orig-file=\"http:\/\/www.thomatextundbild.de\/wp-content\/uploads\/2014\/12\/einladung-vernissage-ausstellung-stadt-see-fluss_s02.jpg\" data-orig-size=\"800,566\" data-comments-opened=\"0\" data-image-meta=\"{&quot;aperture&quot;:&quot;0&quot;,&quot;credit&quot;:&quot;&quot;,&quot;camera&quot;:&quot;&quot;,&quot;caption&quot;:&quot;&quot;,&quot;created_timestamp&quot;:&quot;0&quot;,&quot;copyright&quot;:&quot;&quot;,&quot;focal_length&quot;:&quot;0&quot;,&quot;iso&quot;:&quot;0&quot;,&quot;shutter_speed&quot;:&quot;0&quot;,&quot;title&quot;:&quot;&quot;,&quot;orientation&quot;:&quot;0&quot;}\" data-image-title=\"Einladung Vernissage Ausstellung Stadt See Fluss_S02\" data-image-description=\"\" data-medium-file=\"http:\/\/www.thomatextundbild.de\/wp-content\/uploads\/2014\/12\/einladung-vernissage-ausstellung-stadt-see-fluss_s02-300x212.jpg\" data-large-file=\"http:\/\/www.thomatextundbild.de\/wp-content\/uploads\/2014\/12\/einladung-vernissage-ausstellung-stadt-see-fluss_s02.jpg\" \/><\/a>\n\t\t\t<\/div><\/figure>\n\t\t<\/div>\n\n<p class=\"western\">Berlin-Brandenburg, die Wahlheimat von Kerstin W\u00fcstenh\u00f6fer-Loges, ist gepr\u00e4gt von Seenlandschaften. Die Fotografin zeigt den eigent\u00fcmlichen Charakter einer dieser Landschaften zu verschiedenen Jahreszeiten in stimmungsvollen Fotografien.<\/p>\n<p class=\"western\">Fl\u00fcsse trennen, Fl\u00fcsse vereinen, Fl\u00fcsse bringen einen fort. Michael Janda fuhr im Fr\u00fchjahr 2013 an die Elbe und entwickelte seine eigene, sehr pers\u00f6nliche Sichtweise auf Fluss und Landschaft.<\/p>\n<p class=\"western\">Martin Thoma stellt in seinen Berliner Tierfotografien aus dem Zoologischen Garten und dem Spandauer Forst Portr\u00e4ts von Tieren in Freiheit und Gefangenschaft einander gegen\u00fcber.<\/p>\n<p class=\"western\">Die R\u00e4ume, in denen die Fotografien h\u00e4ngen, werden f\u00fcr Seminare genutzt. Wenn Sie die Ausstellung besuchen m\u00f6chten, fragen Sie deshalb bitte vorher beim Empfang nach, ob sie\u00a0 frei sind. Die Telefonnummer ist: 030-86001-0.<\/p>\n<p class=\"western\">Adresse: Der Parit\u00e4tische Wohlfahrtsverband, Landesverband Berlin e.V., Landesgesch\u00e4ftsstelle, Brandenburgische Stra\u00dfe 80, 10713 Berlin.<\/p>\n","protected":false},"excerpt":{"rendered":"<p>Eine Auswahl meiner Tierfotografien und Landschaftsfotografien von Kerstin W\u00fcstenh\u00f6fer und Michael Janda k\u00f6nnen noch bis zum 30. Januar 2015 in der Landesgesch\u00e4ftsstelle des Parit\u00e4tischen Wohlfahrtsverbands besichtigt werden. Berlin-Brandenburg, die Wahlheimat von Kerstin W\u00fcstenh\u00f6fer-Loges, ist gepr\u00e4gt von Seenlandschaften. Die Fotografin zeigt den eigent\u00fcmlichen Charakter einer dieser Landschaften zu verschiedenen Jahreszeiten in stimmungsvollen Fotografien. Fl\u00fcsse trennen, Fl\u00fcsse [&hellip;]<\/p>\n","protected":false},"author":1,"featured_media":0,"comment_status":"open","ping_status":"closed","sticky":false,"template":"","format":"standard","meta":{"spay_email":"","footnotes":"","jetpack_publicize_message":""},"categories":[5],"tags":[10,13,14,15,22],"class_list":["post-147","post","type-post","status-publish","format-standard","hentry","category-neuigkeiten","tag-fotoausstellung","tag-landschaftsfotografie","tag-naturfotografie","tag-paritatischer-wohlfahrtsverband","tag-tierfotografie"],"jetpack_featured_media_url":"","jetpack_publicize_connections":[],"jetpack_sharing_enabled":false,"jetpack_shortlink":"https:\/\/wp.me\/p5KvMN-2n","_links":{"self":[{"href":"http:\/\/www.thomatextundbild.de\/index.php?rest_route=\/wp\/v2\/posts\/147","targetHints":{"allow":["GET"]}}],"collection":[{"href":"http:\/\/www.thomatextundbild.de\/index.php?rest_route=\/wp\/v2\/posts"}],"about":[{"href":"http:\/\/www.thomatextundbild.de\/index.php?rest_route=\/wp\/v2\/types\/post"}],"author":[{"embeddable":true,"href":"http:\/\/www.thomatextundbild.de\/index.php?rest_route=\/wp\/v2\/users\/1"}],"replies":[{"embeddable":true,"href":"http:\/\/www.thomatextundbild.de\/index.php?rest_route=%2Fwp%2Fv2%2Fcomments&post=147"}],"version-history":[{"count":1,"href":"http:\/\/www.thomatextundbild.de\/index.php?rest_route=\/wp\/v2\/posts\/147\/revisions"}],"predecessor-version":[{"id":222,"href":"http:\/\/www.thomatextundbild.de\/index.php?rest_route=\/wp\/v2\/posts\/147\/revisions\/222"}],"wp:attachment":[{"href":"http:\/\/www.thomatextundbild.de\/index.php?rest_route=%2Fwp%2Fv2%2Fmedia&parent=147"}],"wp:term":[{"taxonomy":"category","embeddable":true,"href":"http:\/\/www.thomatextundbild.de\/index.php?rest_route=%2Fwp%2Fv2%2Fcategories&post=147"},{"taxonomy":"post_tag","embeddable":true,"href":"http:\/\/www.thomatextundbild.de\/index.php?rest_route=%2Fwp%2Fv2%2Ftags&post=147"}],"curies":[{"name":"wp","href":"https:\/\/api.w.org\/{rel}","templated":true}]}}